{"id":5391,"date":"2026-09-04T08:34:29","date_gmt":"2026-09-04T06:34:29","guid":{"rendered":"https:\/\/gymnasium-rheindahlen.de\/?p=5391"},"modified":"2026-09-04T08:35:47","modified_gmt":"2026-09-04T06:35:47","slug":"ist-das-gymnasium-die-richtige-schule-fuer-mein-kind-3","status":"publish","type":"post","link":"https:\/\/gymnasium-rheindahlen.de\/index.php\/2026\/09\/04\/ist-das-gymnasium-die-richtige-schule-fuer-mein-kind-3\/","title":{"rendered":"Ist das Gymnasium die richtige Schule f\u00fcr mein Kind?"},"content":{"rendered":"<p style=\"text-align: left;\">Was erwartet mein Kind eigentlich auf dem Gymnasium? Wo ist der Unterschied zwischen dem Lernen in der Grundschule und dem Gymnasium? Wenn Sie Mutter oder Vater eines Kindes sind, das die 4. Klasse der Grundschule besucht, sind vielleicht genau das die Fragen, die Sie sich gerade stellen. Antworten auf diese und nat\u00fcrlich alle anderen Fragen auch zum Sportprofil, zur Streicherklasse, zum Informatikunterricht und anderen Schwerpunkten des Gymnasiums Rheindahlen geben wir Ihnen gerne am<\/p>\n<p style=\"text-align: center;\"><strong>Dienstag, 22.9.26,<\/strong><br \/>\num <strong>19.00 Uhr<\/strong><br \/>\nim <strong>P\u00e4dagogischen Zentrum <\/strong>unserer Schule.<\/p>\n<p style=\"text-align: left;\">Um den Raumbedarf besser absch\u00e4tzen zu k\u00f6nnen, melden Sie bitte Ihr Kommen bis zum 21.9.26 im Sekretariat unserer Schule telefonisch (02161\/588560) oder schriftlich (sekretariat@gymnasium-rheindahlen.de) an und hinterlassen Sie dort Ihren Namen und die Anzahl der Familienmitglieder, die an diesem Termin teilnehmen.<\/p>\n<p style=\"text-align: left;\">\nWir werden zudem ab dem 28.9.26 <strong>individuelle Beratungstermine<\/strong> bei unserer Erprobungsstufenkoordinatorin Frau Bielert oder unserer Schulleiterin Frau Piepers anbieten. N\u00e4here Informationen werden wir in K\u00fcrze auf unserer Homepage ver\u00f6ffentlichen. Der <strong>Tag der offenen T\u00fcr<\/strong> findet am Samstag, 7.11.26, statt.<\/p>\n","protected":false},"excerpt":{"rendered":"<p>Was erwartet mein Kind eigentlich auf dem Gymnasium? Wo ist der Unterschied zwischen dem Lernen in der Grundschule und dem [&hellip;]<\/p>\n","protected":false},"author":1,"featured_media":1064,"comment_status":"open","ping_status":"open","sticky":false,"template":"","format":"standard","meta":{"ngg_post_thumbnail":0,"footnotes":""},"categories":[1],"tags":[],"class_list":["post-5391","post","type-post","status-publish","format-standard","has-post-thumbnail","hentry","category-allgemein"],"featured_image_src":"https:\/\/gymnasium-rheindahlen.de\/wp-content\/uploads\/2022\/10\/RheinerNews.jpg","author_info":{"display_name":"gymadmin","author_link":"https:\/\/gymnasium-rheindahlen.de\/index.php\/author\/gymadmin\/"},"_links":{"self":[{"href":"https:\/\/gymnasium-rheindahlen.de\/index.php\/wp-json\/wp\/v2\/posts\/5391","targetHints":{"allow":["GET"]}}],"collection":[{"href":"https:\/\/gymnasium-rheindahlen.de\/index.php\/wp-json\/wp\/v2\/posts"}],"about":[{"href":"https:\/\/gymnasium-rheindahlen.de\/index.php\/wp-json\/wp\/v2\/types\/post"}],"author":[{"embeddable":true,"href":"https:\/\/gymnasium-rheindahlen.de\/index.php\/wp-json\/wp\/v2\/users\/1"}],"replies":[{"embeddable":true,"href":"https:\/\/gymnasium-rheindahlen.de\/index.php\/wp-json\/wp\/v2\/comments?post=5391"}],"version-history":[{"count":3,"href":"https:\/\/gymnasium-rheindahlen.de\/index.php\/wp-json\/wp\/v2\/posts\/5391\/revisions"}],"predecessor-version":[{"id":5394,"href":"https:\/\/gymnasium-rheindahlen.de\/index.php\/wp-json\/wp\/v2\/posts\/5391\/revisions\/5394"}],"wp:featuredmedia":[{"embeddable":true,"href":"https:\/\/gymnasium-rheindahlen.de\/index.php\/wp-json\/wp\/v2\/media\/1064"}],"wp:attachment":[{"href":"https:\/\/gymnasium-rheindahlen.de\/index.php\/wp-json\/wp\/v2\/media?parent=5391"}],"wp:term":[{"taxonomy":"category","embeddable":true,"href":"https:\/\/gymnasium-rheindahlen.de\/index.php\/wp-json\/wp\/v2\/categories?post=5391"},{"taxonomy":"post_tag","embeddable":true,"href":"https:\/\/gymnasium-rheindahlen.de\/index.php\/wp-json\/wp\/v2\/tags?post=5391"}],"curies":[{"name":"wp","href":"https:\/\/api.w.org\/{rel}","templated":true}]}}