{"id":5051,"date":"2026-04-30T16:20:41","date_gmt":"2026-04-30T14:20:41","guid":{"rendered":"https:\/\/gymnasium-rheindahlen.de\/?p=5051"},"modified":"2026-04-30T22:29:01","modified_gmt":"2026-04-30T20:29:01","slug":"wandern-fuer-den-guten-zweck-2","status":"publish","type":"post","link":"https:\/\/gymnasium-rheindahlen.de\/index.php\/2026\/04\/30\/wandern-fuer-den-guten-zweck-2\/","title":{"rendered":"Wandern f\u00fcr den guten Zweck"},"content":{"rendered":"<p>Nach dem gestrigen Projekttag folgte am heutigen Donnerstag der n\u00e4chste H\u00f6hepunkt im laufenden Schuljahr &#8211; und das bei allerbestem Fr\u00fchlingswetter!<\/p>\n<p>Die Wohlt\u00e4tigkeitswanderung f\u00fchrte unsere Sch\u00fclerinnen und Sch\u00fcler vom Gymnasium \u00fcber Voosen, Genh\u00fclsen und G\u00fcnhoven wieder zur\u00fcck nach Rheindahlen. Der 7 Kilometer lange Rundkurs konnte beliebig oft absolviert werden. Jeder zur\u00fcckgelegte Kilometer bedeutete dabei nicht nur eine pers\u00f6nliche Leistung, sondern auch einen h\u00f6heren Spendenbetrag, den gro\u00dfz\u00fcgige Sponsoren aus dem Familien- und Bekanntenkreis den Wanderinnen und Wanderern in Aussicht gestellt hatten. Die gesammelten Gelder sollen wie schon in den Vorjahren zu jeweils einem Drittel unserer Partnerschule in Ghana, einem karitativen Zweck in M\u00f6nchengladbach sowie schulinternen Projekten zugutekommen.<\/p>\n<p>Den gr\u00f6\u00dften Coup landete ohne jeden Zweifel Jan-Luca Altenhein aus der EF, der ganze f\u00fcnf Runden, also unglaubliche 35km, schaffte. Unsere \u00c4ltesten, die Q1er, pr\u00e4sentierten sich ebenfalls von ihrer besten Seite, indem sie zwei Verpflegungsstationen betreuten und die Lehrkr\u00e4fte an den Kontroll-, Hilfs- und Sicherheitsposten unterst\u00fctzten.&nbsp;<\/p>\n<p>Als die letzten Wander-Cracks p\u00fcnktlich gegen 13:30 Uhr das Ziel erreichten, fiel das Fazit somit nicht schwer: Ein perfekter Start ins verl\u00e4ngerte Wochenende!&nbsp;<\/p>\nngg_shortcode_0_placeholder\n","protected":false},"excerpt":{"rendered":"<p>Nach dem gestrigen Projekttag folgte am heutigen Donnerstag der n\u00e4chste H\u00f6hepunkt im laufenden Schuljahr &#8211; und das bei allerbestem Fr\u00fchlingswetter! [&hellip;]<\/p>\n","protected":false},"author":1,"featured_media":5042,"comment_status":"open","ping_status":"open","sticky":false,"template":"","format":"standard","meta":{"ngg_post_thumbnail":0,"footnotes":""},"categories":[1],"tags":[],"class_list":["post-5051","post","type-post","status-publish","format-standard","has-post-thumbnail","hentry","category-allgemein"],"featured_image_src":"https:\/\/gymnasium-rheindahlen.de\/wp-content\/uploads\/2026\/04\/1777556854337.jpg","author_info":{"display_name":"gymadmin","author_link":"https:\/\/gymnasium-rheindahlen.de\/index.php\/author\/gymadmin\/"},"_links":{"self":[{"href":"https:\/\/gymnasium-rheindahlen.de\/index.php\/wp-json\/wp\/v2\/posts\/5051","targetHints":{"allow":["GET"]}}],"collection":[{"href":"https:\/\/gymnasium-rheindahlen.de\/index.php\/wp-json\/wp\/v2\/posts"}],"about":[{"href":"https:\/\/gymnasium-rheindahlen.de\/index.php\/wp-json\/wp\/v2\/types\/post"}],"author":[{"embeddable":true,"href":"https:\/\/gymnasium-rheindahlen.de\/index.php\/wp-json\/wp\/v2\/users\/1"}],"replies":[{"embeddable":true,"href":"https:\/\/gymnasium-rheindahlen.de\/index.php\/wp-json\/wp\/v2\/comments?post=5051"}],"version-history":[{"count":4,"href":"https:\/\/gymnasium-rheindahlen.de\/index.php\/wp-json\/wp\/v2\/posts\/5051\/revisions"}],"predecessor-version":[{"id":5056,"href":"https:\/\/gymnasium-rheindahlen.de\/index.php\/wp-json\/wp\/v2\/posts\/5051\/revisions\/5056"}],"wp:featuredmedia":[{"embeddable":true,"href":"https:\/\/gymnasium-rheindahlen.de\/index.php\/wp-json\/wp\/v2\/media\/5042"}],"wp:attachment":[{"href":"https:\/\/gymnasium-rheindahlen.de\/index.php\/wp-json\/wp\/v2\/media?parent=5051"}],"wp:term":[{"taxonomy":"category","embeddable":true,"href":"https:\/\/gymnasium-rheindahlen.de\/index.php\/wp-json\/wp\/v2\/categories?post=5051"},{"taxonomy":"post_tag","embeddable":true,"href":"https:\/\/gymnasium-rheindahlen.de\/index.php\/wp-json\/wp\/v2\/tags?post=5051"}],"curies":[{"name":"wp","href":"https:\/\/api.w.org\/{rel}","templated":true}]}}