{"id":4962,"date":"2026-04-25T22:34:22","date_gmt":"2026-04-25T20:34:22","guid":{"rendered":"https:\/\/gymnasium-rheindahlen.de\/?p=4962"},"modified":"2026-04-27T12:10:02","modified_gmt":"2026-04-27T10:10:02","slug":"spanien-austausch-teil-2","status":"publish","type":"post","link":"https:\/\/gymnasium-rheindahlen.de\/index.php\/2026\/04\/25\/spanien-austausch-teil-2\/","title":{"rendered":"Spanien-Austausch, Teil 2"},"content":{"rendered":"<p><strong>Austausch mit der Schule Collegi Clauer aus Spanien<\/strong><\/p>\n<p>Bereits im Februar hatten wir unsere Partnerschule in Lleida, Spanien, besucht, nun folgte Teil 2 des Austauschs: In der Woche vom 18.04.26 bis zum 25.04.26 verweilten unsere spanischen Austauschsch\u00fcler in Rheindahlen.<\/p>\n<p>Nach der Ankunft am Samstagmorgen in D\u00fcsseldorf am Flughafen waren unsere G\u00e4ste noch sehr m\u00fcde, da sie um 1 Uhr nachts aufgebrochen waren. Deswegen taten sich viele von uns zusammen und veranstalteten am Nachmittag nur ein kleines Picknick, damit sich die Spanier sich ausruhen konnten. Am folgenden Sonntag gab es kein offizielles Programm, sondern familieninterne Aktionen.<\/p>\n<p>Am Montag ging es los in der Schule, wo die Spanier auch nochmal von Frau Piepers begr\u00fc\u00dft wurden. Danach fuhren wir alle zusammen in die Innenstadt von M\u00f6nchengladbach, wo uns zuerst eine 90-min\u00fctige Stadtf\u00fchrung und dann ein Empfang beim Oberb\u00fcrgermeister Felix Heinrichs erwarteten. Nach einer Fragerunde, die leider etwas z\u00e4h verlief, da wir Sch\u00fcler nicht so viele Fragen hatten, gingen die meisten noch ins Minto shoppen und etwas essen. Am Dienstag fuhren wir mit dem Zug nach Aachen und nahmen dort an einer Domf\u00fchrung teil. Diese war sehr interessant, weil der Dom viel prunkvoller von innen war, als sein unscheinbares \u00c4u\u00dferes h\u00e4tte vermuten lassen. Nach der F\u00fchrung konnten wir noch eine Fotorallye machen und unsere Freizeit genie\u00dfen, ehe es am sp\u00e4ten Nachmittag wieder mit dem Zug zur\u00fcck Richtung Heimat ging.<\/p>\n<p>Am Mittwoch fuhren wir nach K\u00f6ln und nat\u00fcrlich muss man, wenn man die Rheinmetropole besucht, auch den K\u00f6lner Dom besichtigen. Wir hatten zwar keine F\u00fchrung, konnten aber in kleinen Gruppen in unserem eigenen Tempo durch den Dom gehen. Danach hatten wir wieder ein wenig Freizeit, in der viele sich ein zweites Fr\u00fchst\u00fcck besorgten. Der n\u00e4chste Programmpunkt war das Wallraf-Richartz-Museum, in dem Kunst aus mehreren Epochen ausgestellt ist. Dort nahmen wir an einer F\u00fchrung teil, die ebenfalls sehr interessant war. Danach konnten wir, wenn wir wollten, noch auf eigene Faust durch das Museum gehen. Auf der R\u00fcckfahrt gab es dann noch ein paar Komplikationen mit der Deutschen Bahn, sodass es, als wir schlie\u00dflich wieder Zuhause ankamen, schon fr\u00fcher Abend war.<\/p>\n<p>Am Donnerstag entwickelten wir in Kleingruppen Umfrageb\u00f6gen und interviewten auf deren Basis Passanten in Rheindahlen. Den Nachmittag konnte man frei gestalten. Freitags wurden diese Umfragen in Pr\u00e4sentationen ausgewertet und vorgetragen. F\u00fcr den Nachmittag hatten einige Sch\u00fcler als Abschied noch einen Spieletreff organisiert. Jeder war eingeladen, auch wenn es letztlich nicht alle schafften zu kommen. Samstag war auch schon der letzte Tag. Man konnte selber entscheiden, was man machen wollte. Abends um 19 Uhr mussten alle wieder am Flughafen in D\u00fcsseldorf sein, da um 21 Uhr der Flieger zur\u00fcck nach Spanien ging.<\/p>\n<p>Insgesamt war es eine sch\u00f6ne, ereignisreiche, wenn auch anstrengende Woche. Alle haben viel erlebt und ein paar Sch\u00fcler konnten sogar neue Freundschaften schlie\u00dfen.<\/p>\n<p><em>Luise Attarzadeh, 10b<\/em><\/p>\nngg_shortcode_0_placeholder\n","protected":false},"excerpt":{"rendered":"<p>Austausch mit der Schule Collegi Clauer aus Spanien Bereits im Februar hatten wir unsere Partnerschule in Lleida, Spanien, besucht, nun [&hellip;]<\/p>\n","protected":false},"author":1,"featured_media":4961,"comment_status":"open","ping_status":"open","sticky":false,"template":"","format":"standard","meta":{"ngg_post_thumbnail":0,"footnotes":""},"categories":[1],"tags":[],"class_list":["post-4962","post","type-post","status-publish","format-standard","has-post-thumbnail","hentry","category-allgemein"],"featured_image_src":"https:\/\/gymnasium-rheindahlen.de\/wp-content\/uploads\/2026\/04\/IMG-20260426-WA0000.jpg","author_info":{"display_name":"gymadmin","author_link":"https:\/\/gymnasium-rheindahlen.de\/index.php\/author\/gymadmin\/"},"_links":{"self":[{"href":"https:\/\/gymnasium-rheindahlen.de\/index.php\/wp-json\/wp\/v2\/posts\/4962","targetHints":{"allow":["GET"]}}],"collection":[{"href":"https:\/\/gymnasium-rheindahlen.de\/index.php\/wp-json\/wp\/v2\/posts"}],"about":[{"href":"https:\/\/gymnasium-rheindahlen.de\/index.php\/wp-json\/wp\/v2\/types\/post"}],"author":[{"embeddable":true,"href":"https:\/\/gymnasium-rheindahlen.de\/index.php\/wp-json\/wp\/v2\/users\/1"}],"replies":[{"embeddable":true,"href":"https:\/\/gymnasium-rheindahlen.de\/index.php\/wp-json\/wp\/v2\/comments?post=4962"}],"version-history":[{"count":12,"href":"https:\/\/gymnasium-rheindahlen.de\/index.php\/wp-json\/wp\/v2\/posts\/4962\/revisions"}],"predecessor-version":[{"id":4975,"href":"https:\/\/gymnasium-rheindahlen.de\/index.php\/wp-json\/wp\/v2\/posts\/4962\/revisions\/4975"}],"wp:featuredmedia":[{"embeddable":true,"href":"https:\/\/gymnasium-rheindahlen.de\/index.php\/wp-json\/wp\/v2\/media\/4961"}],"wp:attachment":[{"href":"https:\/\/gymnasium-rheindahlen.de\/index.php\/wp-json\/wp\/v2\/media?parent=4962"}],"wp:term":[{"taxonomy":"category","embeddable":true,"href":"https:\/\/gymnasium-rheindahlen.de\/index.php\/wp-json\/wp\/v2\/categories?post=4962"},{"taxonomy":"post_tag","embeddable":true,"href":"https:\/\/gymnasium-rheindahlen.de\/index.php\/wp-json\/wp\/v2\/tags?post=4962"}],"curies":[{"name":"wp","href":"https:\/\/api.w.org\/{rel}","templated":true}]}}