{"id":4944,"date":"2026-04-20T13:31:54","date_gmt":"2026-04-20T11:31:54","guid":{"rendered":"https:\/\/gymnasium-rheindahlen.de\/?p=4944"},"modified":"2026-04-23T13:33:16","modified_gmt":"2026-04-23T11:33:16","slug":"theater-im-klassenraum-das-schicksal-von-esther-bauer","status":"publish","type":"post","link":"https:\/\/gymnasium-rheindahlen.de\/index.php\/2026\/04\/20\/theater-im-klassenraum-das-schicksal-von-esther-bauer\/","title":{"rendered":"Theater im Klassenraum: &#8222;Das Schicksal von Esther Bauer&#8220;"},"content":{"rendered":"<p>K\u00fcrzlich hatten wir besonderen Besuch an unserer Schule: Das Theater M\u00f6nchengladbach\/Krefeld war bei uns zu Gast und hat das bewegende St\u00fcck \u00fcber die Holocaust-\u00dcberlebende Esther Bauer aufgef\u00fchrt.<br \/>\nDass der Schauspieler direkt in unseren Unterricht gekommen ist, hat die Atmosph\u00e4re besonders intensiv gemacht und uns das Thema n\u00e4hergebracht als jeder normale Unterricht. Das St\u00fcck zeigt den Lebensweg einer jungen Frau, die den Horror mehrerer Konzentrationslager \u00fcberstehen musste. Dabei ging es nicht nur um die historische Gewalt, sondern vor allem um Esthers Identit\u00e4t und ihren unglaublichen \u00dcberlebenswillen. Der Schauspieler schaffte es, die beklemmende Geschichte so darzustellen, dass man die Emotionen<br \/>\nfast greifen konnte. Besonders ergreifend war auch die Gestaltung durch Gespr\u00e4che, Briefe, Audios und Bilder, wodurch sich die Sch\u00fcler gut in die Lage von Esther hineinversetzen konnten. Trotz der humorvollen Darstellung wurde einem so die d\u00fcstere Realit\u00e4t klar vor Augen gef\u00fchrt. Die Auff\u00fchrung war ein starkes Zeichen f\u00fcr Toleranz und Zivilcourage direkt in unserer Schule.<\/p>\n<p>Ein gro\u00dfer Dank an das Theater aus M\u00f6nchengladbach\/Krefeld f\u00fcr dieses packende St\u00fcck sowie an den F\u00f6rderverein f\u00fcr seine finanzielle Unterst\u00fctzung.<\/p>\n<p><em>Janika Brechtel, Valerie Nikitin und Helena Templer (10a)<\/em><\/p>\nngg_shortcode_0_placeholderBildrechte: Matthias Stutte.<\/p>\n","protected":false},"excerpt":{"rendered":"<p>K\u00fcrzlich hatten wir besonderen Besuch an unserer Schule: Das Theater M\u00f6nchengladbach\/Krefeld war bei uns zu Gast und hat das bewegende [&hellip;]<\/p>\n","protected":false},"author":1,"featured_media":4951,"comment_status":"open","ping_status":"open","sticky":false,"template":"","format":"standard","meta":{"ngg_post_thumbnail":0,"footnotes":""},"categories":[1],"tags":[],"class_list":["post-4944","post","type-post","status-publish","format-standard","has-post-thumbnail","hentry","category-allgemein"],"featured_image_src":"https:\/\/gymnasium-rheindahlen.de\/wp-content\/uploads\/2026\/04\/070_AmA_Esther.jpg","author_info":{"display_name":"gymadmin","author_link":"https:\/\/gymnasium-rheindahlen.de\/index.php\/author\/gymadmin\/"},"_links":{"self":[{"href":"https:\/\/gymnasium-rheindahlen.de\/index.php\/wp-json\/wp\/v2\/posts\/4944","targetHints":{"allow":["GET"]}}],"collection":[{"href":"https:\/\/gymnasium-rheindahlen.de\/index.php\/wp-json\/wp\/v2\/posts"}],"about":[{"href":"https:\/\/gymnasium-rheindahlen.de\/index.php\/wp-json\/wp\/v2\/types\/post"}],"author":[{"embeddable":true,"href":"https:\/\/gymnasium-rheindahlen.de\/index.php\/wp-json\/wp\/v2\/users\/1"}],"replies":[{"embeddable":true,"href":"https:\/\/gymnasium-rheindahlen.de\/index.php\/wp-json\/wp\/v2\/comments?post=4944"}],"version-history":[{"count":2,"href":"https:\/\/gymnasium-rheindahlen.de\/index.php\/wp-json\/wp\/v2\/posts\/4944\/revisions"}],"predecessor-version":[{"id":4952,"href":"https:\/\/gymnasium-rheindahlen.de\/index.php\/wp-json\/wp\/v2\/posts\/4944\/revisions\/4952"}],"wp:featuredmedia":[{"embeddable":true,"href":"https:\/\/gymnasium-rheindahlen.de\/index.php\/wp-json\/wp\/v2\/media\/4951"}],"wp:attachment":[{"href":"https:\/\/gymnasium-rheindahlen.de\/index.php\/wp-json\/wp\/v2\/media?parent=4944"}],"wp:term":[{"taxonomy":"category","embeddable":true,"href":"https:\/\/gymnasium-rheindahlen.de\/index.php\/wp-json\/wp\/v2\/categories?post=4944"},{"taxonomy":"post_tag","embeddable":true,"href":"https:\/\/gymnasium-rheindahlen.de\/index.php\/wp-json\/wp\/v2\/tags?post=4944"}],"curies":[{"name":"wp","href":"https:\/\/api.w.org\/{rel}","templated":true}]}}