{"id":4889,"date":"2026-03-08T14:23:20","date_gmt":"2026-03-08T13:23:20","guid":{"rendered":"https:\/\/gymnasium-rheindahlen.de\/?p=4889"},"modified":"2026-03-13T14:47:09","modified_gmt":"2026-03-13T13:47:09","slug":"weltfrauentag-2026","status":"publish","type":"post","link":"https:\/\/gymnasium-rheindahlen.de\/index.php\/2026\/03\/08\/weltfrauentag-2026\/","title":{"rendered":"Weltfrauentag 2026"},"content":{"rendered":"<p>Rund um den Weltfrauentag 2026 fanden nicht nur in den Metropolen dieser Welt unterschiedliche Veranstaltungen statt, sondern auch am Gymnasium Rheindahlen. Der Welttag wird in jedem Jahr am 8. M\u00e4rz gefeiert, da sich an eben diesem Tag anno 1917 russischer Textilarbeiterinnen gegen das zaristische Russland aufgelehnt hatten und in St. Petersburg unter dem Motto &#8222;Frieden und Brot!&#8220; auf die Stra\u00dfe gegangen waren.<\/p>\n<p>Bereits am Donnerstag, dem 4.3.26, machte die Sch\u00fclervertretung unseres Gymnasiums den Anfang. In der gro\u00dfen Pause wurden eigens erstellte Buttons verteilt, um auf das Thema aufmerksam zu machen, Wertsch\u00e4tzung zu zeigen und Gespr\u00e4che dar\u00fcber anzuregen \u2013 gerade in Zeiten wie diesen ein wichtiges Zeichen. Die Buttons, die auf eine Auflage von 120 limitiert waren, fanden rei\u00dfenden Absatz und waren in Windeseile vergriffen. Zudem bot die Aktion durch einen eigenen Kuchenverkauf auch etwas f\u00fcr das leibliche Wohl.&nbsp;<\/p>\n<p>In der Folgewoche nahmen dann die Klassen 6c und 9c sowie ein Q1-Kurs gemeinsam mit ihren Lehrkr\u00e4ften Frau Steins und Herrn Griemmert die Geschichte des Wahlrechts f\u00fcr Frauen und die Historie des Festtags selbst in den Blick. Die dabei entstandenen Plakate sind seitdem im Pr\u00e4sentationsbereich vor dem Lehrerzimmer ausgestellt.&nbsp;<\/p>\nngg_shortcode_0_placeholder\n","protected":false},"excerpt":{"rendered":"<p>Rund um den Weltfrauentag 2026 fanden nicht nur in den Metropolen dieser Welt unterschiedliche Veranstaltungen statt, sondern auch am Gymnasium [&hellip;]<\/p>\n","protected":false},"author":1,"featured_media":4882,"comment_status":"open","ping_status":"open","sticky":false,"template":"","format":"standard","meta":{"ngg_post_thumbnail":0,"footnotes":""},"categories":[1],"tags":[],"class_list":["post-4889","post","type-post","status-publish","format-standard","has-post-thumbnail","hentry","category-allgemein"],"featured_image_src":"https:\/\/gymnasium-rheindahlen.de\/wp-content\/uploads\/2026\/03\/1773407779154.jpg","author_info":{"display_name":"gymadmin","author_link":"https:\/\/gymnasium-rheindahlen.de\/index.php\/author\/gymadmin\/"},"_links":{"self":[{"href":"https:\/\/gymnasium-rheindahlen.de\/index.php\/wp-json\/wp\/v2\/posts\/4889","targetHints":{"allow":["GET"]}}],"collection":[{"href":"https:\/\/gymnasium-rheindahlen.de\/index.php\/wp-json\/wp\/v2\/posts"}],"about":[{"href":"https:\/\/gymnasium-rheindahlen.de\/index.php\/wp-json\/wp\/v2\/types\/post"}],"author":[{"embeddable":true,"href":"https:\/\/gymnasium-rheindahlen.de\/index.php\/wp-json\/wp\/v2\/users\/1"}],"replies":[{"embeddable":true,"href":"https:\/\/gymnasium-rheindahlen.de\/index.php\/wp-json\/wp\/v2\/comments?post=4889"}],"version-history":[{"count":2,"href":"https:\/\/gymnasium-rheindahlen.de\/index.php\/wp-json\/wp\/v2\/posts\/4889\/revisions"}],"predecessor-version":[{"id":4893,"href":"https:\/\/gymnasium-rheindahlen.de\/index.php\/wp-json\/wp\/v2\/posts\/4889\/revisions\/4893"}],"wp:featuredmedia":[{"embeddable":true,"href":"https:\/\/gymnasium-rheindahlen.de\/index.php\/wp-json\/wp\/v2\/media\/4882"}],"wp:attachment":[{"href":"https:\/\/gymnasium-rheindahlen.de\/index.php\/wp-json\/wp\/v2\/media?parent=4889"}],"wp:term":[{"taxonomy":"category","embeddable":true,"href":"https:\/\/gymnasium-rheindahlen.de\/index.php\/wp-json\/wp\/v2\/categories?post=4889"},{"taxonomy":"post_tag","embeddable":true,"href":"https:\/\/gymnasium-rheindahlen.de\/index.php\/wp-json\/wp\/v2\/tags?post=4889"}],"curies":[{"name":"wp","href":"https:\/\/api.w.org\/{rel}","templated":true}]}}