{"id":4868,"date":"2026-02-24T09:11:56","date_gmt":"2026-02-24T08:11:56","guid":{"rendered":"https:\/\/gymnasium-rheindahlen.de\/?p=4868"},"modified":"2026-02-24T09:11:56","modified_gmt":"2026-02-24T08:11:56","slug":"rueckkehr-nach-zarzis","status":"publish","type":"post","link":"https:\/\/gymnasium-rheindahlen.de\/index.php\/2026\/02\/24\/rueckkehr-nach-zarzis\/","title":{"rendered":"R\u00fcckkehr nach Zarzis!"},"content":{"rendered":"<p>Nach f\u00fcnf Jahren Pause konnte am 21.02.26 endlich wieder der Austausch mit Zarzis in Tunesien beginnen. Die Sch\u00fclerinnen und Sch\u00fcler sind in Gastfamilien untergebracht und erleben eine abwechslungsreiche Woche. Im Mittelpunkt steht das Thema &#8222;Oliven und Oliven\u00f6l&#8220;, das in der Region eine gro\u00dfe Bedeutung hat. Den H\u00f6hepunkt der Reise wird zweifelsohne aber eine Exkursion in die Sahara darstellen.<\/p>\n<p>Wir w\u00fcnschen allen Teilnehmerinnen und Teilnehmern sowie Projektleiter David Kinnen eine unvergessliche Woche!<\/p>\nngg_shortcode_0_placeholder\n","protected":false},"excerpt":{"rendered":"<p>Nach f\u00fcnf Jahren Pause konnte am 21.02.26 endlich wieder der Austausch mit Zarzis in Tunesien beginnen. Die Sch\u00fclerinnen und Sch\u00fcler [&hellip;]<\/p>\n","protected":false},"author":1,"featured_media":4861,"comment_status":"open","ping_status":"open","sticky":false,"template":"","format":"standard","meta":{"ngg_post_thumbnail":0,"footnotes":""},"categories":[1],"tags":[],"class_list":["post-4868","post","type-post","status-publish","format-standard","has-post-thumbnail","hentry","category-allgemein"],"featured_image_src":"https:\/\/gymnasium-rheindahlen.de\/wp-content\/uploads\/2026\/02\/IMG-20260224-WA0002.jpg","author_info":{"display_name":"gymadmin","author_link":"https:\/\/gymnasium-rheindahlen.de\/index.php\/author\/gymadmin\/"},"_links":{"self":[{"href":"https:\/\/gymnasium-rheindahlen.de\/index.php\/wp-json\/wp\/v2\/posts\/4868","targetHints":{"allow":["GET"]}}],"collection":[{"href":"https:\/\/gymnasium-rheindahlen.de\/index.php\/wp-json\/wp\/v2\/posts"}],"about":[{"href":"https:\/\/gymnasium-rheindahlen.de\/index.php\/wp-json\/wp\/v2\/types\/post"}],"author":[{"embeddable":true,"href":"https:\/\/gymnasium-rheindahlen.de\/index.php\/wp-json\/wp\/v2\/users\/1"}],"replies":[{"embeddable":true,"href":"https:\/\/gymnasium-rheindahlen.de\/index.php\/wp-json\/wp\/v2\/comments?post=4868"}],"version-history":[{"count":1,"href":"https:\/\/gymnasium-rheindahlen.de\/index.php\/wp-json\/wp\/v2\/posts\/4868\/revisions"}],"predecessor-version":[{"id":4869,"href":"https:\/\/gymnasium-rheindahlen.de\/index.php\/wp-json\/wp\/v2\/posts\/4868\/revisions\/4869"}],"wp:featuredmedia":[{"embeddable":true,"href":"https:\/\/gymnasium-rheindahlen.de\/index.php\/wp-json\/wp\/v2\/media\/4861"}],"wp:attachment":[{"href":"https:\/\/gymnasium-rheindahlen.de\/index.php\/wp-json\/wp\/v2\/media?parent=4868"}],"wp:term":[{"taxonomy":"category","embeddable":true,"href":"https:\/\/gymnasium-rheindahlen.de\/index.php\/wp-json\/wp\/v2\/categories?post=4868"},{"taxonomy":"post_tag","embeddable":true,"href":"https:\/\/gymnasium-rheindahlen.de\/index.php\/wp-json\/wp\/v2\/tags?post=4868"}],"curies":[{"name":"wp","href":"https:\/\/api.w.org\/{rel}","templated":true}]}}