{"id":4100,"date":"2025-11-13T22:40:36","date_gmt":"2025-11-13T21:40:36","guid":{"rendered":"https:\/\/gymnasium-rheindahlen.de\/?p=4100"},"modified":"2025-11-13T23:16:40","modified_gmt":"2025-11-13T22:16:40","slug":"fussballer-erreichen-finalrunde-2","status":"publish","type":"post","link":"https:\/\/gymnasium-rheindahlen.de\/index.php\/2025\/11\/13\/fussballer-erreichen-finalrunde-2\/","title":{"rendered":"Fu\u00dfballer erreichen Finalrunde!"},"content":{"rendered":"<p>Wenn das kein Grund zur Freude ist! Mit einer ansehnlichen Gesamtleistung konnten unsere Fu\u00dfballer der Wettkampfklasse III, die die Jahrg\u00e4nge 2012-2014 umfasst, am heutigen Donnerstag den Gruppensieg beim Vorrundenturnier der diesj\u00e4hrigen Schul-Stadtmeisterschaft einheimsen. Einem 0:0 gegen das Gymnasium Odenkirchen folgten dabei zwei \u00fcberzeugende Siege gegen das Math.-Nat. (7:1) und die Gesamtschule Volksgarten (4:1). Mit dem Gruppensieg hat sich das Team um Coach Eckert f\u00fcr die Endrunde im M\u00e4rz qualifiziert.<\/p>\n<p>Herzlichen Gl\u00fcckwunsch!<\/p>\n<p>F\u00fcr das Team traten an: Miracle Achie, Juko Biskupski, John-Luca Boschevskij, Jan Coenen, Mika Dicks, Jakob Grapenthin, Tim Heinen, Laith Jalila, Fynn Jansen, Julian Jung, Justus Marx, Timo Merbecks, Tyler Seifert, Moritz Spinnen, Tom Unger.<\/p>\n<p><a href=\"https:\/\/gymnasium-rheindahlen.de\/wp-content\/uploads\/2025\/11\/WKIII2025.jpg\"><img loading=\"lazy\" decoding=\"async\" class=\"alignnone wp-image-4099 size-full\" src=\"https:\/\/gymnasium-rheindahlen.de\/wp-content\/uploads\/2025\/11\/WKIII2025.jpg\" alt=\"\" width=\"800\" height=\"600\" srcset=\"https:\/\/gymnasium-rheindahlen.de\/wp-content\/uploads\/2025\/11\/WKIII2025.jpg 800w, https:\/\/gymnasium-rheindahlen.de\/wp-content\/uploads\/2025\/11\/WKIII2025-300x225.jpg 300w, https:\/\/gymnasium-rheindahlen.de\/wp-content\/uploads\/2025\/11\/WKIII2025-768x576.jpg 768w, https:\/\/gymnasium-rheindahlen.de\/wp-content\/uploads\/2025\/11\/WKIII2025-600x450.jpg 600w\" sizes=\"auto, (max-width: 800px) 100vw, 800px\" \/><\/a><\/p>\n","protected":false},"excerpt":{"rendered":"<p>Wenn das kein Grund zur Freude ist! Mit einer ansehnlichen Gesamtleistung konnten unsere Fu\u00dfballer der Wettkampfklasse III, die die Jahrg\u00e4nge [&hellip;]<\/p>\n","protected":false},"author":1,"featured_media":4099,"comment_status":"open","ping_status":"open","sticky":false,"template":"","format":"standard","meta":{"ngg_post_thumbnail":0,"footnotes":""},"categories":[1],"tags":[],"class_list":["post-4100","post","type-post","status-publish","format-standard","has-post-thumbnail","hentry","category-allgemein"],"featured_image_src":"https:\/\/gymnasium-rheindahlen.de\/wp-content\/uploads\/2025\/11\/WKIII2025.jpg","author_info":{"display_name":"gymadmin","author_link":"https:\/\/gymnasium-rheindahlen.de\/index.php\/author\/gymadmin\/"},"_links":{"self":[{"href":"https:\/\/gymnasium-rheindahlen.de\/index.php\/wp-json\/wp\/v2\/posts\/4100","targetHints":{"allow":["GET"]}}],"collection":[{"href":"https:\/\/gymnasium-rheindahlen.de\/index.php\/wp-json\/wp\/v2\/posts"}],"about":[{"href":"https:\/\/gymnasium-rheindahlen.de\/index.php\/wp-json\/wp\/v2\/types\/post"}],"author":[{"embeddable":true,"href":"https:\/\/gymnasium-rheindahlen.de\/index.php\/wp-json\/wp\/v2\/users\/1"}],"replies":[{"embeddable":true,"href":"https:\/\/gymnasium-rheindahlen.de\/index.php\/wp-json\/wp\/v2\/comments?post=4100"}],"version-history":[{"count":1,"href":"https:\/\/gymnasium-rheindahlen.de\/index.php\/wp-json\/wp\/v2\/posts\/4100\/revisions"}],"predecessor-version":[{"id":4101,"href":"https:\/\/gymnasium-rheindahlen.de\/index.php\/wp-json\/wp\/v2\/posts\/4100\/revisions\/4101"}],"wp:featuredmedia":[{"embeddable":true,"href":"https:\/\/gymnasium-rheindahlen.de\/index.php\/wp-json\/wp\/v2\/media\/4099"}],"wp:attachment":[{"href":"https:\/\/gymnasium-rheindahlen.de\/index.php\/wp-json\/wp\/v2\/media?parent=4100"}],"wp:term":[{"taxonomy":"category","embeddable":true,"href":"https:\/\/gymnasium-rheindahlen.de\/index.php\/wp-json\/wp\/v2\/categories?post=4100"},{"taxonomy":"post_tag","embeddable":true,"href":"https:\/\/gymnasium-rheindahlen.de\/index.php\/wp-json\/wp\/v2\/tags?post=4100"}],"curies":[{"name":"wp","href":"https:\/\/api.w.org\/{rel}","templated":true}]}}