{"id":3489,"date":"2025-02-22T09:33:45","date_gmt":"2025-02-22T08:33:45","guid":{"rendered":"https:\/\/gymnasium-rheindahlen.de\/?p=3489"},"modified":"2025-02-22T09:33:45","modified_gmt":"2025-02-22T08:33:45","slug":"juniorwahl-am-gymnasium-rheindahlen-2","status":"publish","type":"post","link":"https:\/\/gymnasium-rheindahlen.de\/index.php\/2025\/02\/22\/juniorwahl-am-gymnasium-rheindahlen-2\/","title":{"rendered":"Juniorwahl am Gymnasium Rheindahlen"},"content":{"rendered":"<p>Noch bevor am Sonntag bundesweit die Wahllokale \u00f6ffnen, stand f\u00fcr unsere Sch\u00fclerinnen und Sch\u00fcler schon am Donnerstag der Gang zur Wahlurne auf dem Programm. Im Rahmen der simulierten <a href=\"https:\/\/www.juniorwahl.de\/\">Juniorwahl<\/a> konnten die Klassenstufen 8 bis Q2 in Raum B311 ihre Stimmen abgeben. Dabei fungierten Mitglieder der SV unter Anleitung von Frau Wodka als Wahlvorstand oder als Wahlhelfer, f\u00fchrten ein W\u00e4hlerverzeichnis und koordinierten die Wahlbenachrichtigungen sowie Wahlkabinen und -urnen.<\/p>\n<p>Die Juniorwahl ist ein handlungsorientiertes Konzept zur politischen Bildung an weiterf\u00fchrenden Schulen und m\u00f6chte das Erleben und Erlernen von Demokratie erm\u00f6glichen. Es ist in ein didaktisches Konzept gefasst, das auf zwei S\u00e4ulen basiert:<br \/>\nDie erste S\u00e4ule umfasst die intensive unterrichtliche Vorbereitung, die die Lehrkr\u00e4fte selbst in ihren Klassen und Kursen durchf\u00fchren.<br \/>\nDie zweite S\u00e4ule und H\u00f6hepunkt des Projektes stellt der eigentliche Wahlakt dar.<br \/>\nZur Wahl stehen u.a. diejenigen Politiker\/-innen, die im Wahlkreis der Schule auch \u00f6ffentlich kandidieren.<br \/>\nHier finden Sie unsere Ergebnisse:<\/p>\n<p><a href=\"https:\/\/gymnasium-rheindahlen.de\/wp-content\/uploads\/2025\/02\/Wahlergebnis-JW-2025-Diagramme-Gymn.-Rheind.pdf\">Wahlergebnis JW 2025 Diagramme Gymnasium Rheindahlen<\/a><\/p>\n<p>&nbsp;<\/p>\n<p>&nbsp;<\/p>\n<p>&nbsp;<\/p>\n","protected":false},"excerpt":{"rendered":"<p>Noch bevor am Sonntag bundesweit die Wahllokale \u00f6ffnen, stand f\u00fcr unsere Sch\u00fclerinnen und Sch\u00fcler schon am Donnerstag der Gang zur [&hellip;]<\/p>\n","protected":false},"author":1,"featured_media":3491,"comment_status":"open","ping_status":"open","sticky":false,"template":"","format":"standard","meta":{"ngg_post_thumbnail":0,"footnotes":""},"categories":[1],"tags":[],"class_list":["post-3489","post","type-post","status-publish","format-standard","has-post-thumbnail","hentry","category-allgemein"],"featured_image_src":"https:\/\/gymnasium-rheindahlen.de\/wp-content\/uploads\/2025\/02\/Juniorwahl_Logo_Slide.jpg","author_info":{"display_name":"gymadmin","author_link":"https:\/\/gymnasium-rheindahlen.de\/index.php\/author\/gymadmin\/"},"_links":{"self":[{"href":"https:\/\/gymnasium-rheindahlen.de\/index.php\/wp-json\/wp\/v2\/posts\/3489","targetHints":{"allow":["GET"]}}],"collection":[{"href":"https:\/\/gymnasium-rheindahlen.de\/index.php\/wp-json\/wp\/v2\/posts"}],"about":[{"href":"https:\/\/gymnasium-rheindahlen.de\/index.php\/wp-json\/wp\/v2\/types\/post"}],"author":[{"embeddable":true,"href":"https:\/\/gymnasium-rheindahlen.de\/index.php\/wp-json\/wp\/v2\/users\/1"}],"replies":[{"embeddable":true,"href":"https:\/\/gymnasium-rheindahlen.de\/index.php\/wp-json\/wp\/v2\/comments?post=3489"}],"version-history":[{"count":1,"href":"https:\/\/gymnasium-rheindahlen.de\/index.php\/wp-json\/wp\/v2\/posts\/3489\/revisions"}],"predecessor-version":[{"id":3490,"href":"https:\/\/gymnasium-rheindahlen.de\/index.php\/wp-json\/wp\/v2\/posts\/3489\/revisions\/3490"}],"wp:featuredmedia":[{"embeddable":true,"href":"https:\/\/gymnasium-rheindahlen.de\/index.php\/wp-json\/wp\/v2\/media\/3491"}],"wp:attachment":[{"href":"https:\/\/gymnasium-rheindahlen.de\/index.php\/wp-json\/wp\/v2\/media?parent=3489"}],"wp:term":[{"taxonomy":"category","embeddable":true,"href":"https:\/\/gymnasium-rheindahlen.de\/index.php\/wp-json\/wp\/v2\/categories?post=3489"},{"taxonomy":"post_tag","embeddable":true,"href":"https:\/\/gymnasium-rheindahlen.de\/index.php\/wp-json\/wp\/v2\/tags?post=3489"}],"curies":[{"name":"wp","href":"https:\/\/api.w.org\/{rel}","templated":true}]}}