{"id":1890,"date":"2023-06-20T17:11:02","date_gmt":"2023-06-20T15:11:02","guid":{"rendered":"https:\/\/gymnasium-rheindahlen.de\/?p=1890"},"modified":"2023-07-09T10:28:27","modified_gmt":"2023-07-09T08:28:27","slug":"unesco-projekttage-2023","status":"publish","type":"post","link":"https:\/\/gymnasium-rheindahlen.de\/index.php\/2023\/06\/20\/unesco-projekttage-2023\/","title":{"rendered":"UNESCO-Projekttage 2023"},"content":{"rendered":"<p>Erstmalig fanden in den vergangenen Tagen die neu konzipierten UNESCO-Projekttage an unserer Schule statt. Dabei konnten die Sch\u00fclerinnen und Sch\u00fcler drei Tage lang in auf die Jahrgangsstufen zugeschnittenen Projekten arbeiten und thematisch passende Exkursionen erleben. Am vierten Tag galt es dann, die Ergebnisse den Mitsch\u00fclerinnen und -sch\u00fclern sowie interessierten Eltern zu pr\u00e4sentieren. Von &#8222;Umwelt erleben&#8220; (Klasse 5) \u00fcber &#8222;We play the world&#8220; (Klasse 8) bis hin zum Theater-Projekt &#8222;Diversit\u00e4t und Toleranz&#8220; (Q1) boten die Themen ein breites Spektrum des UNESCO-Gedankens und der damit verbundenen S\u00e4ulen und Nachhaltigkeitssziele.<\/p>\n<p>Hier finden Sie eine Gesamt\u00fcbersicht \u00fcber die Jahrgangsstufen-Projekte (und deren Ergebnisse):<\/p>\n<ul>\n<li><a href=\"https:\/\/gymnasium-rheindahlen.de\/index.php\/projekttage-2023-klasse-5-umwelt-erleben\/\">Klasse 5: Umwelt erleben!<\/a> (Biologie+Religion): S\u00e4ule III (Bildung f\u00fcr Nachhaltige Entwicklung)&nbsp;<\/li>\n<li><a href=\"https:\/\/scratch.mit.edu\/studios\/33530929\/\">Klasse 6: Risiken und Chancen der digitalen Welt<\/a> (Kunst+Informatik): S\u00e4ule V (Risiken und Chancen im digitalen Zeitalter)<\/li>\n<li><a href=\"https:\/\/gymnasium-rheindahlen.de\/index.php\/projekttage-2023-klasse-7-immaterielles-erbe-in-frankreich-und-belgien\/\">Klasse 7: Immaterielles Erbe in Frankreich und Belgien<\/a> (Franz\u00f6sich+Latein): S\u00e4ule VI (Welterbeerziehung)&nbsp;<\/li>\n<li><a href=\"https:\/\/gymnasium-rheindahlen.de\/index.php\/projekttage-2023-klasse-8-we-play-the-world\/\">Klasse 8: We play the world!<\/a> (Englisch+Sport): S\u00e4ule IV (Global Citizenship Education)<\/li>\n<li><a href=\"https:\/\/gymnasium-rheindahlen.de\/index.php\/projekttage-2023-klasse-9-ns-ideologie-und-menschenbild-zwischen-faszination-und-schrecken\/\">Klasse 9: NS-Ideologie und Menschenbild \u2013 zwischen Faszination und Schrecken<\/a> (Geschichte+Erdkunde+Philosophie+P\u00e4dagogik): S\u00e4ule I (Menschenrechts- und Demokratieerziehung)<\/li>\n<li><a href=\"https:\/\/gymnasium-rheindahlen.de\/index.php\/projekttage-2023-stufe-ef-finanzbildung\/\">Stufe EF: Finanzbildung<\/a> (Mathematik+Sozialwissenschaften): S\u00e4ule III (Bildung f\u00fcr Nachhaltige Entwicklung)<\/li>\n<li><a href=\"https:\/\/gymnasium-rheindahlen.de\/index.php\/projekttage-2023-stufe-q1-theaterprojekt-diversitaet-und-toleranz\/\">Stufe Q1: Theaterprojekt &#8222;Diversit\u00e4t und Toleranz&#8220;<\/a> (Deutsch+Literatur+Musik): S\u00e4ule II (Interkulturelles Lernen und Zusammenleben in Vielfalt)&nbsp;<\/li>\n<\/ul>\n","protected":false},"excerpt":{"rendered":"<p>Erstmalig fanden in den vergangenen Tagen die neu konzipierten UNESCO-Projekttage an unserer Schule statt. Dabei konnten die Sch\u00fclerinnen und Sch\u00fcler [&hellip;]<\/p>\n","protected":false},"author":1,"featured_media":192,"comment_status":"open","ping_status":"open","sticky":false,"template":"","format":"standard","meta":{"ngg_post_thumbnail":0,"footnotes":""},"categories":[1],"tags":[],"class_list":["post-1890","post","type-post","status-publish","format-standard","has-post-thumbnail","hentry","category-allgemein"],"featured_image_src":"https:\/\/gymnasium-rheindahlen.de\/wp-content\/uploads\/2022\/04\/UNESCO-Logo_RGBkleinHP.jpg","author_info":{"display_name":"gymadmin","author_link":"https:\/\/gymnasium-rheindahlen.de\/index.php\/author\/gymadmin\/"},"_links":{"self":[{"href":"https:\/\/gymnasium-rheindahlen.de\/index.php\/wp-json\/wp\/v2\/posts\/1890","targetHints":{"allow":["GET"]}}],"collection":[{"href":"https:\/\/gymnasium-rheindahlen.de\/index.php\/wp-json\/wp\/v2\/posts"}],"about":[{"href":"https:\/\/gymnasium-rheindahlen.de\/index.php\/wp-json\/wp\/v2\/types\/post"}],"author":[{"embeddable":true,"href":"https:\/\/gymnasium-rheindahlen.de\/index.php\/wp-json\/wp\/v2\/users\/1"}],"replies":[{"embeddable":true,"href":"https:\/\/gymnasium-rheindahlen.de\/index.php\/wp-json\/wp\/v2\/comments?post=1890"}],"version-history":[{"count":9,"href":"https:\/\/gymnasium-rheindahlen.de\/index.php\/wp-json\/wp\/v2\/posts\/1890\/revisions"}],"predecessor-version":[{"id":2022,"href":"https:\/\/gymnasium-rheindahlen.de\/index.php\/wp-json\/wp\/v2\/posts\/1890\/revisions\/2022"}],"wp:featuredmedia":[{"embeddable":true,"href":"https:\/\/gymnasium-rheindahlen.de\/index.php\/wp-json\/wp\/v2\/media\/192"}],"wp:attachment":[{"href":"https:\/\/gymnasium-rheindahlen.de\/index.php\/wp-json\/wp\/v2\/media?parent=1890"}],"wp:term":[{"taxonomy":"category","embeddable":true,"href":"https:\/\/gymnasium-rheindahlen.de\/index.php\/wp-json\/wp\/v2\/categories?post=1890"},{"taxonomy":"post_tag","embeddable":true,"href":"https:\/\/gymnasium-rheindahlen.de\/index.php\/wp-json\/wp\/v2\/tags?post=1890"}],"curies":[{"name":"wp","href":"https:\/\/api.w.org\/{rel}","templated":true}]}}