{"id":1813,"date":"2023-06-04T17:02:17","date_gmt":"2023-06-04T15:02:17","guid":{"rendered":"https:\/\/gymnasium-rheindahlen.de\/?p=1813"},"modified":"2023-06-04T17:02:39","modified_gmt":"2023-06-04T15:02:39","slug":"fahrradbuegel-endlich-installiert","status":"publish","type":"post","link":"https:\/\/gymnasium-rheindahlen.de\/index.php\/2023\/06\/04\/fahrradbuegel-endlich-installiert\/","title":{"rendered":"Fahrradb\u00fcgel endlich installiert!"},"content":{"rendered":"<p>Endlich k\u00f6nnen Fahrr\u00e4der auf dem Schulgel\u00e4nder sicher abgestellt werden!<br \/>\nVier Jahre nachdem die UNESCO-AG eine Umfrage zum Fahrradverkehr am Gymnasium Rheindahlen durchgef\u00fchrt hat (einige erinnern sich vielleicht noch), hat es die Stadt M\u00f6nchengladbach nun geschafft, zumindest einen Teil der zugesagten Fahrradb\u00fcgel zu installieren.<br \/>\nEin Ergebnis der Umfrage war n\u00e4mlich, dass gerne mehr Sch\u00fclerinnen und Sch\u00fcler mit dem Fahrrad zur Schule kommen w\u00fcrden, es aber die fehlenden sicheren Abstellm\u00f6glichkeiten seien, die dies verhindern w\u00fcrden. So war es auf Druck der UNESCO-AG m\u00f6glich, Fahrradb\u00fcgel zu beschaffen und zu installieren. Hier zeigt sich, dass auch Sch\u00fclerinnen und Sch\u00fcler etwas bewegen k\u00f6nnen und Engagement nicht sinnlos ist.<\/p>\n<p>Die UNESCO-AG freut sich \u00fcber neue Teilnehmer!<\/p>\n<p><em>gez. Kinnen<\/em><\/p>\n<p><img loading=\"lazy\" decoding=\"async\" class=\"alignnone wp-image-1810 size-full\" src=\"https:\/\/gymnasium-rheindahlen.de\/wp-content\/uploads\/2023\/06\/Fahrradbuegel.jpg\" alt=\"\" width=\"800\" height=\"600\" srcset=\"https:\/\/gymnasium-rheindahlen.de\/wp-content\/uploads\/2023\/06\/Fahrradbuegel.jpg 800w, https:\/\/gymnasium-rheindahlen.de\/wp-content\/uploads\/2023\/06\/Fahrradbuegel-300x225.jpg 300w, https:\/\/gymnasium-rheindahlen.de\/wp-content\/uploads\/2023\/06\/Fahrradbuegel-768x576.jpg 768w, https:\/\/gymnasium-rheindahlen.de\/wp-content\/uploads\/2023\/06\/Fahrradbuegel-600x450.jpg 600w\" sizes=\"auto, (max-width: 800px) 100vw, 800px\" \/><\/p>\n","protected":false},"excerpt":{"rendered":"<p>Endlich k\u00f6nnen Fahrr\u00e4der auf dem Schulgel\u00e4nder sicher abgestellt werden! Vier Jahre nachdem die UNESCO-AG eine Umfrage zum Fahrradverkehr am Gymnasium [&hellip;]<\/p>\n","protected":false},"author":1,"featured_media":1810,"comment_status":"open","ping_status":"open","sticky":false,"template":"","format":"standard","meta":{"ngg_post_thumbnail":0,"footnotes":""},"categories":[1],"tags":[],"class_list":["post-1813","post","type-post","status-publish","format-standard","has-post-thumbnail","hentry","category-allgemein"],"featured_image_src":"https:\/\/gymnasium-rheindahlen.de\/wp-content\/uploads\/2023\/06\/Fahrradbuegel.jpg","author_info":{"display_name":"gymadmin","author_link":"https:\/\/gymnasium-rheindahlen.de\/index.php\/author\/gymadmin\/"},"_links":{"self":[{"href":"https:\/\/gymnasium-rheindahlen.de\/index.php\/wp-json\/wp\/v2\/posts\/1813","targetHints":{"allow":["GET"]}}],"collection":[{"href":"https:\/\/gymnasium-rheindahlen.de\/index.php\/wp-json\/wp\/v2\/posts"}],"about":[{"href":"https:\/\/gymnasium-rheindahlen.de\/index.php\/wp-json\/wp\/v2\/types\/post"}],"author":[{"embeddable":true,"href":"https:\/\/gymnasium-rheindahlen.de\/index.php\/wp-json\/wp\/v2\/users\/1"}],"replies":[{"embeddable":true,"href":"https:\/\/gymnasium-rheindahlen.de\/index.php\/wp-json\/wp\/v2\/comments?post=1813"}],"version-history":[{"count":2,"href":"https:\/\/gymnasium-rheindahlen.de\/index.php\/wp-json\/wp\/v2\/posts\/1813\/revisions"}],"predecessor-version":[{"id":1815,"href":"https:\/\/gymnasium-rheindahlen.de\/index.php\/wp-json\/wp\/v2\/posts\/1813\/revisions\/1815"}],"wp:featuredmedia":[{"embeddable":true,"href":"https:\/\/gymnasium-rheindahlen.de\/index.php\/wp-json\/wp\/v2\/media\/1810"}],"wp:attachment":[{"href":"https:\/\/gymnasium-rheindahlen.de\/index.php\/wp-json\/wp\/v2\/media?parent=1813"}],"wp:term":[{"taxonomy":"category","embeddable":true,"href":"https:\/\/gymnasium-rheindahlen.de\/index.php\/wp-json\/wp\/v2\/categories?post=1813"},{"taxonomy":"post_tag","embeddable":true,"href":"https:\/\/gymnasium-rheindahlen.de\/index.php\/wp-json\/wp\/v2\/tags?post=1813"}],"curies":[{"name":"wp","href":"https:\/\/api.w.org\/{rel}","templated":true}]}}